{
    "title": "Rom\u00e9o Elvis et Oscar and the Wolf d\u00e9voilent leur EP commun Jardin le vendredi 12 d\u00e9cembre\u00a0",
    "modified_at": "2025-12-12 09:47:08",
    "published_at": "2025-12-12 12:23:00",
    "url": "https://press.oneworldartists.agency/romeo-elvis-et-oscar-and-the-wolf-devoilent-leur-ep-commun-jardin-le-vendredi-12-decembre",
    "short_url": "http://prez.ly/nN2d",
    "culture": "fr",
    "language": "FR",
    "subtitle": "L\u2019union fait la force - it\u2019s the first project uniting North and South!",
    "slug": "romeo-elvis-et-oscar-and-the-wolf-devoilent-leur-ep-commun-jardin-le-vendredi-12-decembre",
    "body": "<p><span class=\"rls-date\">Vendredi 12 d\u00e9cembre 2025</span><strong> - Rom&eacute;o Elvis et Oscar and the Wolf pr&eacute;sentent Jardin, leur nouvel EP collaboratif, disponible le vendredi 12 d&eacute;cembre. N&eacute; d&rsquo;une jam session improvis&eacute;e au milieu de la nuit, le projet a progressivement pris forme comme une v&eacute;ritable rencontre entre deux univers artistiques. Le pop ind&eacute; et rap, le Nord et le Sud, deux sensibilit&eacute;s cr&eacute;atives diff&eacute;rentes s&rsquo;y m&ecirc;lent de mani&egrave;re naturelle et instinctive.&nbsp;</strong></p><p><a href=\"https://romeooscar.lnk.to/jardin\" target=\"_blank\" rel=\"noreferrer noopener\"><u><strong>Jardin est disponible sur toutes les plateformes.</strong></u></a></p><p>Apr&egrave;s &laquo; Ceiling &raquo;, &laquo; Bon Sens &raquo; et la ballade rock alternative &laquo; Lose My Baby &raquo;, Jardin ouvre un espace fa&ccedil;onn&eacute; par le contraste, l&rsquo;exp&eacute;rimentation et la recherche. &Agrave; travers huit titres, les deux artistes s&rsquo;&eacute;loignent de leurs zones de confort pour explorer de nouvelles textures et &eacute;motions. L&rsquo;EP passe ainsi de l&rsquo;&eacute;nergie plus sombre de &laquo; Crocodila &raquo; et &laquo; Je M&rsquo;en Balec &raquo; &agrave; la chaleur m&eacute;lodique de &laquo; Charg&eacute; (Monet) &raquo;, refl&eacute;tant une curiosit&eacute; commune et une grande libert&eacute; cr&eacute;ative. </p><div\n    id='gallery-b2c35fc6-c8ac-42eb-9b83-124ce9deb0ae'\n    class='release-content-gallery release-content-gallery--layout-contained'\n    data-component='chromatic-gallery,image-zoom-popup'\n    data-chromatic-gallery-padding='S'\n    data-chromatic-gallery-thumbnail-size='M'\n    data-chromatic-gallery-captions='data:application/json,true'\n    data-chromatic-gallery-photos='data:application/json;base64,W3siaWQiOiJkYjQ3ZjI2My00ZjJlLTRjMmMtYjlmYy01NmNiMmNhMTliYmIiLCJzcmMiOiJodHRwczpcL1wvY2RuLnVjLmFzc2V0cy5wcmV6bHkuY29tXC9kYjQ3ZjI2My00ZjJlLTRjMmMtYjlmYy01NmNiMmNhMTliYmJcLy1cL3ByZXZpZXdcLzExMDh4MTEwOFwvLVwvZm9ybWF0XC9hdXRvXC8iLCJhc3BlY3RfcmF0aW8iOjAuNzk5NzYzMDMzMTc1MzU1NSwiY2FwdGlvbiI6bnVsbCwiYXR0cmlidXRlcyI6eyJpZCI6ImdhbGxlcnktaW1hZ2UtZGI0N2YyNjMtNGYyZS00YzJjLWI5ZmMtNTZjYjJjYTE5YmJiIiwiZGF0YS1pZCI6ImRiNDdmMjYzLTRmMmUtNGMyYy1iOWZjLTU2Y2IyY2ExOWJiYiIsImRhdGEtbWZwLXNyYyI6Imh0dHBzOlwvXC9jZG4udWMuYXNzZXRzLnByZXpseS5jb21cL2RiNDdmMjYzLTRmMmUtNGMyYy1iOWZjLTU2Y2IyY2ExOWJiYlwvLVwvcHJldmlld1wvMTIwMHgxMjAwXC8tXC9mb3JtYXRcL2F1dG9cLyIsImRhdGEtZGVzY3JpcHRpb24iOm51bGwsImRhdGEtb3JpZ2luYWwiOiJodHRwczpcL1wvY2RuLnVjLmFzc2V0cy5wcmV6bHkuY29tXC9kYjQ3ZjI2My00ZjJlLTRjMmMtYjlmYy01NmNiMmNhMTliYmJcLy1cL2lubGluZVwvbm9cLzU3MTE5OTc4N18xODEyMDM3OTYyNzUxODAyNF80MTU4NTg3MTg2NzM4NTE5MDcyX24uanBnIn19LHsiaWQiOiIyMmQyZjU5OS04NDI3LTQ0NmMtODA2Mi1mOGE5ZDkwZDRhNDgiLCJzcmMiOiJodHRwczpcL1wvY2RuLnVjLmFzc2V0cy5wcmV6bHkuY29tXC8yMmQyZjU5OS04NDI3LTQ0NmMtODA2Mi1mOGE5ZDkwZDRhNDhcLy1cL3ByZXZpZXdcLzExMDh4MTEwOFwvLVwvZm9ybWF0XC9hdXRvXC8iLCJhc3BlY3RfcmF0aW8iOjEuNSwiY2FwdGlvbiI6bnVsbCwiYXR0cmlidXRlcyI6eyJpZCI6ImdhbGxlcnktaW1hZ2UtMjJkMmY1OTktODQyNy00NDZjLTgwNjItZjhhOWQ5MGQ0YTQ4IiwiZGF0YS1pZCI6IjIyZDJmNTk5LTg0MjctNDQ2Yy04MDYyLWY4YTlkOTBkNGE0OCIsImRhdGEtbWZwLXNyYyI6Imh0dHBzOlwvXC9jZG4udWMuYXNzZXRzLnByZXpseS5jb21cLzIyZDJmNTk5LTg0MjctNDQ2Yy04MDYyLWY4YTlkOTBkNGE0OFwvLVwvcHJldmlld1wvMTIwMHgxMjAwXC8tXC9mb3JtYXRcL2F1dG9cLyIsImRhdGEtZGVzY3JpcHRpb24iOm51bGwsImRhdGEtb3JpZ2luYWwiOiJodHRwczpcL1wvY2RuLnVjLmFzc2V0cy5wcmV6bHkuY29tXC8yMmQyZjU5OS04NDI3LTQ0NmMtODA2Mi1mOGE5ZDkwZDRhNDhcLy1cL2lubGluZVwvbm9cL19FUF9KQVJESU5fUFJFU1NfUElDUzAwMV9EQU5JSUxfTEFWUk9WU0tJK2tvcGllLmpwZyJ9fV0='\n    data-chromatic-gallery-force-full-width='data:application/json,true'\n    data-chromatic-gallery-expand-icon='data:text/plain;base64,PHN2ZyBjbGFzcz0iaWNvbiBpY29uLWV4cGFuZCI+CiAgICAgICAgICAgICAgICA8dXNlIHhsaW5rOmhyZWY9IiNpY29uLWV4cGFuZCI+PC91c2U+CiAgICAgICAgICAgIDwvc3ZnPg=='\n    data-image-zoom-popup-selector='.chromatic-gallery__photo'\n    data-image-zoom-popup-i18n='data:application/json;base64,eyJEb3dubG9hZCI6IkRvd25sb2FkIn0='\n    data-image-zoom-popup-tracking-view-event='Story Image View'\n    data-image-zoom-popup-tracking-download-event='Story Image Download'\n    data-image-zoom-popup-placement='content'\n></div><p>Pour Rom&eacute;o Elvis, Jardin prolonge le travail introspectif amorc&eacute; avec son album &Eacute;cho (2024), o&ugrave; s&rsquo;entrem&ecirc;lent &eacute;criture pr&eacute;cise et tonalit&eacute; plus personnelle. Oscar and the Wolf poursuit sa propre &eacute;volution, utilisant sa voix comme un instrument expressif et cr&eacute;ant des paysages sonores intimes et enveloppants. Avec Jardin, le duo signe un projet nourri d&rsquo;amiti&eacute;, d&rsquo;exploration artistique et de la rencontre de deux imaginaires distincts. C&rsquo;est un lieu o&ugrave; les contrastes se rejoignent et o&ugrave; de nouvelles id&eacute;es &eacute;mergent. </p><p>Pour c&eacute;l&eacute;brer la sortie, Rom&eacute;o Elvis et Oscar and the Wolf pr&eacute;senteront Jardin sur sc&egrave;ne pour la premi&egrave;re fois &agrave; l&rsquo;Ancienne Belgique les 14, 15 et 16 d&eacute;cembre. Ces concerts exclusifs offriront une exp&eacute;rience intime de cette collaboration. Les tout derniers billets pour le dimanche 14 d&eacute;cembre sont disponibles.</p><p>Jardin sera disponible sur toutes les plateformes de streaming &agrave; partir du vendredi 12 d&eacute;cembre &agrave; minuit. Le vinyle et le CD seront disponibles exclusivement via romeooscar.be.&nbsp;</p><div\n    id='gallery-af02cf70-ca67-474b-b95b-35eef2da3fdd'\n    class='release-content-gallery release-content-gallery--layout-contained'\n    data-component='chromatic-gallery,image-zoom-popup'\n    data-chromatic-gallery-padding='S'\n    data-chromatic-gallery-thumbnail-size='M'\n    data-chromatic-gallery-captions='data:application/json,true'\n    data-chromatic-gallery-photos='data:application/json;base64,W3siaWQiOiJiNWI4ZTBkOS01ZjEyLTQyNjctYWU2Mi0zNGU4Y2I5OWU0OWEiLCJzcmMiOiJodHRwczpcL1wvY2RuLnVjLmFzc2V0cy5wcmV6bHkuY29tXC9iNWI4ZTBkOS01ZjEyLTQyNjctYWU2Mi0zNGU4Y2I5OWU0OWFcLy1cL3ByZXZpZXdcLzExMDh4MTEwOFwvLVwvZm9ybWF0XC9hdXRvXC8iLCJhc3BlY3RfcmF0aW8iOjEsImNhcHRpb24iOm51bGwsImF0dHJpYnV0ZXMiOnsiaWQiOiJnYWxsZXJ5LWltYWdlLWI1YjhlMGQ5LTVmMTItNDI2Ny1hZTYyLTM0ZThjYjk5ZTQ5YSIsImRhdGEtaWQiOiJiNWI4ZTBkOS01ZjEyLTQyNjctYWU2Mi0zNGU4Y2I5OWU0OWEiLCJkYXRhLW1mcC1zcmMiOiJodHRwczpcL1wvY2RuLnVjLmFzc2V0cy5wcmV6bHkuY29tXC9iNWI4ZTBkOS01ZjEyLTQyNjctYWU2Mi0zNGU4Y2I5OWU0OWFcLy1cL3ByZXZpZXdcLzEyMDB4MTIwMFwvLVwvZm9ybWF0XC9hdXRvXC8iLCJkYXRhLWRlc2NyaXB0aW9uIjpudWxsLCJkYXRhLW9yaWdpbmFsIjoiaHR0cHM6XC9cL2Nkbi51Yy5hc3NldHMucHJlemx5LmNvbVwvYjViOGUwZDktNWYxMi00MjY3LWFlNjItMzRlOGNiOTllNDlhXC8tXC9pbmxpbmVcL25vXC9KQVJESU5fQ09WRVJfNDAwMFBYLmpwZyJ9fV0='\n    data-chromatic-gallery-force-full-width='data:application/json,true'\n    data-chromatic-gallery-expand-icon='data:text/plain;base64,PHN2ZyBjbGFzcz0iaWNvbiBpY29uLWV4cGFuZCI+CiAgICAgICAgICAgICAgICA8dXNlIHhsaW5rOmhyZWY9IiNpY29uLWV4cGFuZCI+PC91c2U+CiAgICAgICAgICAgIDwvc3ZnPg=='\n    data-image-zoom-popup-selector='.chromatic-gallery__photo'\n    data-image-zoom-popup-i18n='data:application/json;base64,eyJEb3dubG9hZCI6IkRvd25sb2FkIn0='\n    data-image-zoom-popup-tracking-view-event='Story Image View'\n    data-image-zoom-popup-tracking-download-event='Story Image Download'\n    data-image-zoom-popup-placement='content'\n></div><p><strong>&Agrave; PROPOS DE - ROMEO + OSCAR&nbsp;<br>\u200b</strong>Parfois, les plus belles histoires commencent simplement entre amis, autour de rires et de musique tard le soir. C&rsquo;est exactement comme &ccedil;a qu&rsquo;est n&eacute;e la collaboration entre Rom&eacute;o Elvis et Oscar and the Wolf. Au d&eacute;part, ce n&rsquo;&eacute;tait qu&rsquo;une jam improvis&eacute;e apr&egrave;s un d&icirc;ner... et c&rsquo;est devenu bien plus grand : une version moderne de Rom&eacute;o et Juliette, o&ugrave; deux univers se rencontrent &ndash; le Nord et le Sud, la pop et le rap, la lumi&egrave;re et l&rsquo;ombre &ndash; et s&rsquo;entrelacent naturellement.&nbsp;</p><p>Rom&eacute;o Elvis, l&rsquo;une des voix les plus marquantes du hip- hop, et Oscar and the Wolf, le prince de la pop indie, unissent leurs forces dans un projet qui rassemble la Belgique comme rarement auparavant. Dans un pays souvent d&eacute;fini par ses contrastes culturels et linguistiques, ils incarnent une forme d&rsquo;unit&eacute; cr&eacute;ative &ndash; preuve que la musique d&eacute;passe les fronti&egrave;res.&nbsp;&nbsp;&nbsp;</p><p>Rom&eacute;o Elvis a trac&eacute; sa propre route et s&rsquo;est impos&eacute; comme une figure majeure du rap belge et francophone. Depuis son premier projet &rdquo;Famille Nombreuse&rdquo; en 2016, il est devenu une ic&ocirc;ne culturelle, m&ecirc;lant textes incisifs, introspection et charisme. Ses albums &rdquo;Morale&rdquo; (avec Le Motel) et &rdquo;Chocolat&rdquo; ont confirm&eacute; son talent, certifi&eacute;s platine, le propulsant des petites salles aux plus grandes sc&egrave;nes europ&eacute;ennes. Il a collabor&eacute; avec Damon Albarn, Loyle Carner, Zwangere Guy, et bien s&ucirc;r Ang&egrave;le. Avec son dernier album &rdquo;&Eacute;cho&rdquo; (2024), Rom&eacute;o est all&eacute; encore plus loin dans l&rsquo;intime et l&rsquo;&eacute;motion, livrant une r&eacute;flexion po&eacute;tique sur l&rsquo;identit&eacute; et l&rsquo;&eacute;volution.&nbsp;&nbsp;&nbsp;</p><p>Oscar and the Wolf, c&rsquo;est l&rsquo;univers en constante transformation de Max Colombie, un artiste belge qui transforme les &eacute;motions en musique et les performances en r&ecirc;ves &eacute;veill&eacute;s. Depuis son premier album multi- platine &rdquo;Entity&rdquo;, il a cr&eacute;&eacute; un espace bien &agrave; lui dans la pop moderne, m&eacute;langeant R&amp;B, rock, &eacute;lectronique et atmosph&egrave;res cin&eacute;matographiques. Avec &rdquo;Infinity&rdquo;, &rdquo;The Shimmer&rdquo; et &rdquo;Taste&rdquo;, il a d&eacute;velopp&eacute; un langage musical unique, intime et presque irr&eacute;el. Avec &rdquo;Jardin&rdquo;, Max explore une nouvelle facette de sa voix &ndash; plus fluide, plus sensible, presque f&eacute;minine &ndash; et aborde la vuln&eacute;rabilit&eacute; et le changement autrement. Apr&egrave;s des tourn&eacute;es sold out en Europe et au Moyen-Orient avec &rdquo;Taste&rdquo;, Oscar and the Wolf ouvre un nouveau chapitre. 2026 promet de nouveaux sons, de nouvelles collaborations, et des surprises. \u2028&nbsp;</p><p><strong>&Agrave; PROPOS DE &lsquo;JARDIN&rsquo;&nbsp;</strong><br>\u200bLeur premi&egrave;re collaboration, &rdquo;Ceiling&rdquo;, capture parfaitement leur rencontre &ndash; quelque part entre l&rsquo;intime et le grandiose, entre des mondes oppos&eacute;s qui finissent par se compl&eacute;ter. Pr&eacute;sent&eacute; en avant-premi&egrave;re devant 100 000 personnes lors de la F&ecirc;te Nationale, le titre a imm&eacute;diatement touch&eacute; le public. En quelques semaines, il est devenu un hit radio et a d&eacute;pass&eacute; le million de streams. Quand deux univers se percutent avec sinc&eacute;rit&eacute; et passion, le r&eacute;sultat devient universel.&nbsp; Oscar and the Wolf et Rom&eacute;o Elvis ne repr&eacute;sentent pas seulement une collaboration artistique. Ils incarnent un pont entre les r&eacute;gions, les styles et les langues &ndash; une c&eacute;l&eacute;bration d&rsquo;une Belgique nouvelle, unie par la musique, l&rsquo;&eacute;motion et l&rsquo;amiti&eacute;.&nbsp;&nbsp;&nbsp;</p><p>Sur leur projet commun Jardin &ndash; un EP de 8 titres attendu le 12 d&eacute;cembre &ndash; ils se poussent mutuellement hors de leur zone de confort. Ils explorent ensemble de nouveaux territoires sonores, comme deux &acirc;mes musicales qui s&rsquo;entrelacent pour n&rsquo;en former qu&rsquo;une. De l&rsquo;&eacute;nergie sombre et pulsante de &rdquo;Crocodila&rdquo; et &rdquo;Je m&rsquo;en Balec&rdquo;, &agrave; la ballade rock alternative &rdquo;Lose My Baby&rdquo;, en passant par les titres pop groovy comme &rdquo;Charg&eacute;&rdquo; (Monet) ou la vibe club de &rdquo;Bon Sens&rdquo;, Jardin se d&eacute;ploie comme un v&eacute;ritable jardin vivant &ndash; o&ugrave; chaque graine donne naissance &agrave; un son diff&eacute;rent, vibrant.&nbsp;&nbsp;&nbsp;</p><p>Les dimanche 14, lundi 15 et mardi 16 d&eacute;cembre, Oscar and the Wolf et Rom&eacute;o Elvis partageront pour la premi&egrave;re fois la sc&egrave;ne de l&rsquo;Ancienne Belgique &agrave; Bruxelles pour pr&eacute;senter leur collaboration en live. Au programme : des nouveaux titres, mais aussi leurs plus grands morceaux, r&eacute;unis sur une m&ecirc;me sc&egrave;ne. Les deux premi&egrave;res dates ont &eacute;t&eacute; sold out en moins de deux heures. Face &agrave; la demande exceptionnelle, une troisi&egrave;me date a &eacute;t&eacute; ajout&eacute;e le 14 d&eacute;cembre. Une occasion rare de vivre ce moment unique au plus pr&egrave;s de deux des artistes les plus embl&eacute;matiques de la sc&egrave;ne belge. \u2028&nbsp;</p><div class=\"release-content-contact\" id=\"contact-7629c85a-29ef-4407-8a64-b2894f12223b\">\n    \n    <div class=\"release-content-contact__details\">\n        <strong class=\"release-content-contact__name\">Debby Wilmsen</strong>\n        <em class=\"release-content-contact__description\">Press Coordinator &amp; Spokeswoman, Tomorrowland</em>\n        <ul class=\"release-content-contact__details-list\"><li class=\"release-content-contact__details-list-item\"><a href=\"mailto:debby@tomorrowland.com\"  class=\"release-content-contact__details-list-item-link\" title=\"debby@tomorrowland.com\"><svg class=\"icon icon-paper-plane release-content-contact__details-list-item-icon\">\n                <use xlink:href=\"#icon-paper-plane\"></use>\n            </svg>debby@tomorrowland.com</a></li></ul>\n    </div>\n</div>",
    "header": {
        "large": "https://cdn.uc.assets.prezly.com/8c7d29cb-a1e1-414a-9140-34ddcb8b9c15/-/preview/1200x1200/-/format/auto/",
        "release": "https://cdn.uc.assets.prezly.com/8c7d29cb-a1e1-414a-9140-34ddcb8b9c15/-/preview/1200x1200/-/format/auto/"
    },
    "images": [
        {
            "caption": "",
            "original": "https://cdn.uc.assets.prezly.com/db47f263-4f2e-4c2c-b9fc-56cb2ca19bbb/",
            "medium": "https://cdn.uc.assets.prezly.com/db47f263-4f2e-4c2c-b9fc-56cb2ca19bbb/-/preview/500x500/-/format/auto/",
            "small": "https://cdn.uc.assets.prezly.com/db47f263-4f2e-4c2c-b9fc-56cb2ca19bbb/-/preview/200x200/-/format/auto/",
            "thumbnail": "https://cdn.uc.assets.prezly.com/db47f263-4f2e-4c2c-b9fc-56cb2ca19bbb/-/preview/100x100/-/format/auto/",
            "square": "https://cdn.uc.assets.prezly.com/db47f263-4f2e-4c2c-b9fc-56cb2ca19bbb/-/scale_crop/200x200/center/-/format/auto/",
            "squaresmall": "https://cdn.uc.assets.prezly.com/db47f263-4f2e-4c2c-b9fc-56cb2ca19bbb/-/scale_crop/58x58/center/-/format/auto/"
        },
        {
            "caption": "",
            "original": "https://cdn.uc.assets.prezly.com/22d2f599-8427-446c-8062-f8a9d90d4a48/",
            "medium": "https://cdn.uc.assets.prezly.com/22d2f599-8427-446c-8062-f8a9d90d4a48/-/preview/500x500/-/format/auto/",
            "small": "https://cdn.uc.assets.prezly.com/22d2f599-8427-446c-8062-f8a9d90d4a48/-/preview/200x200/-/format/auto/",
            "thumbnail": "https://cdn.uc.assets.prezly.com/22d2f599-8427-446c-8062-f8a9d90d4a48/-/preview/100x100/-/format/auto/",
            "square": "https://cdn.uc.assets.prezly.com/22d2f599-8427-446c-8062-f8a9d90d4a48/-/scale_crop/200x200/center/-/format/auto/",
            "squaresmall": "https://cdn.uc.assets.prezly.com/22d2f599-8427-446c-8062-f8a9d90d4a48/-/scale_crop/58x58/center/-/format/auto/"
        },
        {
            "caption": "",
            "original": "https://cdn.uc.assets.prezly.com/b5b8e0d9-5f12-4267-ae62-34e8cb99e49a/",
            "medium": "https://cdn.uc.assets.prezly.com/b5b8e0d9-5f12-4267-ae62-34e8cb99e49a/-/preview/500x500/-/format/auto/",
            "small": "https://cdn.uc.assets.prezly.com/b5b8e0d9-5f12-4267-ae62-34e8cb99e49a/-/preview/200x200/-/format/auto/",
            "thumbnail": "https://cdn.uc.assets.prezly.com/b5b8e0d9-5f12-4267-ae62-34e8cb99e49a/-/preview/100x100/-/format/auto/",
            "square": "https://cdn.uc.assets.prezly.com/b5b8e0d9-5f12-4267-ae62-34e8cb99e49a/-/scale_crop/200x200/center/-/format/auto/",
            "squaresmall": "https://cdn.uc.assets.prezly.com/b5b8e0d9-5f12-4267-ae62-34e8cb99e49a/-/scale_crop/58x58/center/-/format/auto/"
        }
    ],
    "contacts": [
        {
            "name": "Debby Wilmsen",
            "company": "Tomorrowland",
            "description": "Press Coordinator & Spokeswoman",
            "email": "debby@tomorrowland.com",
            "website": null,
            "address": null,
            "telephone": null,
            "mobile": null,
            "twitter": null,
            "facebook": null
        }
    ],
    "author": {
        "first_name": "Jill",
        "last_name": "Mols"
    },
    "format_version": 5
}